{"id":474,"date":"2020-06-30T10:27:25","date_gmt":"2020-06-30T08:27:25","guid":{"rendered":"https:\/\/tatranrousinov.cz\/fotbal\/?p=474"},"modified":"2020-07-08T20:56:51","modified_gmt":"2020-07-08T18:56:51","slug":"letni-primestsky-sporotvni-tabor-se-zamerenim-na-tenis","status":"publish","type":"post","link":"https:\/\/tatranrousinov.cz\/fotbal\/blog\/2020\/06\/30\/letni-primestsky-sporotvni-tabor-se-zamerenim-na-tenis\/","title":{"rendered":"Letn\u00ed p\u0159\u00edm\u011bstsk\u00fd sporotvn\u00ed t\u00e1bor se zam\u011b\u0159en\u00edm na tenis"},"content":{"rendered":"<p><strong>LETN\u00cd SPORTOVN\u00cd P\u0158\u00cdM\u011aSTSK\u00dd T\u00c1BOR<\/strong><\/p>\n<p><strong>SE ZAM\u011a\u0158EN\u00cdM NA TENIS<\/strong><\/p>\n<p><strong>Kdy:<\/strong> 24. 8. \u2013 28. 8. 2020<\/p>\n<p><strong>Kde:<\/strong> tenisov\u00e9 dvorce za fotbalov\u00fdm h\u0159i\u0161t\u011bm TJ TATRAN v Rous\u00ednov\u011b (Tyr\u0161ova23)<\/p>\n<p><strong>Cena:<\/strong> 1.700,- K\u010d<\/p>\n<p><strong>Po\u010det \u00fa\u010dastn\u00edk\u016f: <\/strong>min 8 d\u011bt\u00ed, max. 20 d\u011bt\u00ed ve v\u011bku od 7 do 14 let<\/p>\n<p><strong>P\u0159ihl\u00e1\u0161ky do:<\/strong> 10. 8. 2020<\/p>\n<p><strong>Sportovn\u00ed p\u0159\u00edm\u011bstsk\u00fd t\u00e1bor s prim\u00e1rn\u00edm zam\u011b\u0159en\u00edm na tenis. N\u00e1pln\u00ed ka\u017edodenn\u00edho programu jsou z\u00e1klady tenisu, pohybov\u00e1 p\u0159\u00edprava na kurtu i mimo n\u011bj, pohybov\u00e9 hry, a tak\u00e9 t\u00fdmov\u00e9 aktivity.<\/strong><\/p>\n<p><strong>V cen\u011b jsou zahnuti 2-3 tren\u00e9\u0159i, dopoledn\u00ed sva\u010dina, ob\u011bd (pol\u00e9vka, hlavn\u00ed chod), odpoledn\u00ed sva\u010dina, pit\u00ed po cel\u00fd den, t\u00fdmov\u00e9 tri\u010dko, plus mo\u017enost vyp\u016fj\u010den\u00ed tenisov\u00e9 rakety po p\u0159edchoz\u00ed domluv\u011b. Pozn. vlastn\u00ed raketa v\u00fdhodou.<\/strong><\/p>\n<p>Program:<\/p>\n<ul>\n<li>8:30 sraz na tenisov\u00fdch kurtech<\/li>\n<li>9:00 dopoledn\u00ed tenisov\u00e1 p\u0159\u00edprava<\/li>\n<li>10:00 dopoledn\u00ed sva\u010dina<\/li>\n<li>10:30 dopoledn\u00ed pohybov\u00e9 aktivity<\/li>\n<li>12:00 ob\u011bd<\/li>\n<li>12:30 \u2013 14:00 poledn\u00ed klid<\/li>\n<li>14:00 odpoledn\u00ed tenisov\u00e1 p\u0159\u00edprava<\/li>\n<li>14:45 odpoledn\u00ed sva\u010dina<\/li>\n<li>15:00 odpoledn\u00ed pohybov\u00e9 aktivity<\/li>\n<li>16:00 vyzved\u00e1v\u00e1n\u00ed d\u011bt\u00ed rodi\u010di<\/li>\n<\/ul>\n<p><strong>Program se m\u016f\u017ee li\u0161it v z\u00e1vislosti na po\u010das\u00ed, \u00fanav\u011b d\u011bt\u00ed, \u010di jin\u00fdch okolnostech.<\/strong><\/p>\n<p>V p\u0159\u00edpad\u011b z\u00e1jmu se ozv\u011bte na tel. \u010d\u00edslo +420602728355 nebo na e-mailovou adresu: luisalasakova@gmail.com.<\/p>\n","protected":false},"excerpt":{"rendered":"<p>LETN\u00cd SPORTOVN\u00cd P\u0158\u00cdM\u011aSTSK\u00dd T\u00c1BOR SE ZAM\u011a\u0158EN\u00cdM NA TENIS Kdy: 24. 8. \u2013 28. 8. 2020 Kde: tenisov\u00e9 dvorce za fotbalov\u00fdm h\u0159i\u0161t\u011bm TJ TATRAN v Rous\u00ednov\u011b (Tyr\u0161ova23) Cena: 1.700,- K\u010d Po\u010det \u00fa\u010dastn\u00edk\u016f: min 8 d\u011bt\u00ed, max. 20 d\u011bt\u00ed ve v\u011bku od 7 do 14 let P\u0159ihl\u00e1\u0161ky do: 10. 8. 2020 Sportovn\u00ed p\u0159\u00edm\u011bstsk\u00fd t\u00e1bor s prim\u00e1rn\u00edm zam\u011b\u0159en\u00edm [&hellip;]<\/p>\n","protected":false},"author":1,"featured_media":0,"comment_status":"open","ping_status":"open","sticky":false,"template":"","format":"standard","meta":{"_et_pb_use_builder":"","_et_pb_old_content":"","_et_gb_content_width":"","inline_featured_image":false,"footnotes":""},"categories":[1],"tags":[],"class_list":["post-474","post","type-post","status-publish","format-standard","hentry","category-nezaradene"],"_links":{"self":[{"href":"https:\/\/tatranrousinov.cz\/fotbal\/wp-json\/wp\/v2\/posts\/474","targetHints":{"allow":["GET"]}}],"collection":[{"href":"https:\/\/tatranrousinov.cz\/fotbal\/wp-json\/wp\/v2\/posts"}],"about":[{"href":"https:\/\/tatranrousinov.cz\/fotbal\/wp-json\/wp\/v2\/types\/post"}],"author":[{"embeddable":true,"href":"https:\/\/tatranrousinov.cz\/fotbal\/wp-json\/wp\/v2\/users\/1"}],"replies":[{"embeddable":true,"href":"https:\/\/tatranrousinov.cz\/fotbal\/wp-json\/wp\/v2\/comments?post=474"}],"version-history":[{"count":2,"href":"https:\/\/tatranrousinov.cz\/fotbal\/wp-json\/wp\/v2\/posts\/474\/revisions"}],"predecessor-version":[{"id":480,"href":"https:\/\/tatranrousinov.cz\/fotbal\/wp-json\/wp\/v2\/posts\/474\/revisions\/480"}],"wp:attachment":[{"href":"https:\/\/tatranrousinov.cz\/fotbal\/wp-json\/wp\/v2\/media?parent=474"}],"wp:term":[{"taxonomy":"category","embeddable":true,"href":"https:\/\/tatranrousinov.cz\/fotbal\/wp-json\/wp\/v2\/categories?post=474"},{"taxonomy":"post_tag","embeddable":true,"href":"https:\/\/tatranrousinov.cz\/fotbal\/wp-json\/wp\/v2\/tags?post=474"}],"curies":[{"name":"wp","href":"https:\/\/api.w.org\/{rel}","templated":true}]}}